{"id":1892,"date":"2012-09-25T08:22:16","date_gmt":"2012-09-25T08:22:16","guid":{"rendered":"http:\/\/asv-botnang.de\/fussball\/?p=1892"},"modified":"2012-09-25T08:22:16","modified_gmt":"2012-09-25T08:22:16","slug":"spvgg-stuttgart-ost-asv-33-11","status":"publish","type":"post","link":"https:\/\/asv-botnang.de\/fussball\/2012\/09\/25\/spvgg-stuttgart-ost-asv-33-11\/","title":{"rendered":"Spvgg Stuttgart-Ost  &#8211;  ASV   3:3  (1:1)"},"content":{"rendered":"<p><span style=\"color: #008080\"><strong>ASV nur Remis auf der Waldebene<\/strong><\/span><\/p>\n<p>Leider konnte die Botnanger Elf nicht an die gute Leistung der Vorwoche ankn\u00fcpfen. Der Gastgeber machte das mit seinen bescheidenen Mitteln sehr gut und lie\u00df den ASV \u00fcber die gesamte Spielzeit nie so richtig ins Spiel kommen. Selbst nach einer 3:1 F\u00fchrung Mitte der 2. Halbzeit wollte keine Ruhe im Botnanger Spiel einkehren und die Ost&#8217;ler konnten mit\u00a0zwei Treffern noch ausgleichen.\u00a0Leider blieb dem ASV kurz vor dem Abpfiff ein klarer Foulelfmeter verwehrt &#8211; der Schiedsrichter hatte zumindest aus Botnanger Sicht auch nicht seinen besten Tag erwischt.<\/p>\n","protected":false},"excerpt":{"rendered":"<p>ASV nur Remis auf der Waldebene Leider konnte die Botnanger Elf nicht an die gute Leistung der Vorwoche ankn\u00fcpfen. Der Gastgeber machte das mit seinen bescheidenen Mitteln sehr gut und lie\u00df den ASV \u00fcber die gesamte Spielzeit nie so richtig ins Spiel kommen. Selbst nach einer 3:1 F\u00fchrung Mitte der 2. Halbzeit wollte keine Ruhe &hellip; <a href=\"https:\/\/asv-botnang.de\/fussball\/2012\/09\/25\/spvgg-stuttgart-ost-asv-33-11\/\" class=\"more-link\"><span class=\"screen-reader-text\">Spvgg Stuttgart-Ost  &#8211;  ASV   3:3  (1:1)<\/span> weiterlesen <span class=\"meta-nav\">&rarr;<\/span><\/a><\/p>\n","protected":false},"author":9,"featured_media":0,"comment_status":"open","ping_status":"open","sticky":false,"template":"","format":"standard","meta":[],"categories":[1],"tags":[],"_links":{"self":[{"href":"https:\/\/asv-botnang.de\/fussball\/wp-json\/wp\/v2\/posts\/1892"}],"collection":[{"href":"https:\/\/asv-botnang.de\/fussball\/wp-json\/wp\/v2\/posts"}],"about":[{"href":"https:\/\/asv-botnang.de\/fussball\/wp-json\/wp\/v2\/types\/post"}],"author":[{"embeddable":true,"href":"https:\/\/asv-botnang.de\/fussball\/wp-json\/wp\/v2\/users\/9"}],"replies":[{"embeddable":true,"href":"https:\/\/asv-botnang.de\/fussball\/wp-json\/wp\/v2\/comments?post=1892"}],"version-history":[{"count":1,"href":"https:\/\/asv-botnang.de\/fussball\/wp-json\/wp\/v2\/posts\/1892\/revisions"}],"predecessor-version":[{"id":1893,"href":"https:\/\/asv-botnang.de\/fussball\/wp-json\/wp\/v2\/posts\/1892\/revisions\/1893"}],"wp:attachment":[{"href":"https:\/\/asv-botnang.de\/fussball\/wp-json\/wp\/v2\/media?parent=1892"}],"wp:term":[{"taxonomy":"category","embeddable":true,"href":"https:\/\/asv-botnang.de\/fussball\/wp-json\/wp\/v2\/categories?post=1892"},{"taxonomy":"post_tag","embeddable":true,"href":"https:\/\/asv-botnang.de\/fussball\/wp-json\/wp\/v2\/tags?post=1892"}],"curies":[{"name":"wp","href":"https:\/\/api.w.org\/{rel}","templated":true}]}}