{"id":4072,"date":"2014-01-26T16:40:45","date_gmt":"2014-01-26T16:40:45","guid":{"rendered":"http:\/\/asv-botnang.de\/fussball\/?p=4072"},"modified":"2014-01-26T16:47:04","modified_gmt":"2014-01-26T16:47:04","slug":"u9-hallenturnier-tsv-ehningen","status":"publish","type":"post","link":"https:\/\/asv-botnang.de\/fussball\/2014\/01\/26\/u9-hallenturnier-tsv-ehningen\/","title":{"rendered":"U9-Hallenturnier TSV Ehningen"},"content":{"rendered":"<div>\u00a0<\/div>\n<div>Nach einigen Wochen Hallentraining kam am Samstag f\u00fcr einige ASV-Spieler der gro\u00dfe Moment: Das erste Hallenturnier beim TSV Ehningen und damit endlich die\u00a0Gelegenheit, die\u00a0im Training erworbenen F\u00e4higkeiten unter Wettkampfbedingungen anzuwenden. Leider konnten nur 4 von urspr\u00fcnglich 9 f\u00fcr die Turnierteilnahme vorgesehenen Kindern, die bisher wenig bis keine Turniererfahrung gesammelt hatten, mit nach Ehningen fahren. Dankbarerweise sprangen mit Luan und Tim zwei arrivierte Spieler ein und komplettierten die Mannschaft.<\/div>\n<div>\u00a0<\/div>\n<div>&#8222;Spa\u00df haben und dabei\u00a0Wettkampfpraxis sammeln und viel lernen&#8220; lautete die Devise, die das Trainerteam seinen jungen Kickern vorab mit auf den Weg gegeben hatten. Ergebnisse und Platzierungen sollten keine Rolle spielen. Erwartungsgem\u00e4\u00df taten sich die ASV-Spieler in den 4 Vorrundenspielen gegen \u00fcberwiegend eingespielte Teams sehr schwer. Offensichtlich beeindruckt von der lautstarken Kulisse und der Atmosph\u00e4re in der Halle waren die Unerfahreneren um ASV-Dress h\u00e4ufig mehr Zuschauer als Akteure. Technisch wollte noch nicht viel gelingen und auch taktisch\u00a0zahlten die Spieler Lehrgeld: Das Positionsspiel war nur in Ans\u00e4tzen erkennbar und bei der Raumaufteilung taten sich zum Teil gro\u00dfe L\u00fccken auf, die Luan und Alejandro nach Kr\u00e4ften zu stopfen versuchten. Da bei eigenem Ballbesitz die Kugel etwas \u00fcberhastet schnell wieder verlorenging, kamen die abgewehrten B\u00e4lle meist postwendend wieder zur\u00fcck. Keeper Tim\u00a0war folglich unter Dauerbeschuss und\u00a0hatte mit Abstand die meisten Ballkontakte.\u00a0Er f\u00fchlte sich aber in der Rolle sichtlich wohl und\u00a0konnte sich durch unz\u00e4hlige Glanztaten auszeichnen. Als er dann im letzten Gruppenspiel \u00fcber die rechte Au\u00dfenbahn wirbelte, kam auch Belebung und Struktur in das Botnanger Offensivspiel. So kam der ASV\u00a0nicht nur zum ersten Torschuss, sondern nach Tims sch\u00f6ner Vorarbeit\u00a0konnte Luan sogar den redlich verdienten Ehrentreffer markieren und damit f\u00fcr einen\u00a0erfreulichen Schlusspunkt sorgen. Stark auch die Leistung von Alejandro, der auf der Defensivposition mit viel Ruhe und \u00dcbersicht agierte und zahlreiche Zweik\u00e4mpfe f\u00fcr sich entscheiden konnte.<\/div>\n<div>\u00a0<\/div>\n<div>Fazit: Unsere Jungs haben sich bei ihrem ersten Einsatz wacker geschlagen und wertvolle Erfahrungen gesammelt. Wenn auch spielerisch noch reichlich Luft nach oben ist, zeigten alle ASV-Kicker doch Einsatzfreude und Kampfgeist. Jedem war die Freude am Kicken anzumerken, Moral und Einstellung waren tadellos. Allerdings haben sie auch erkennen m\u00fcssen, dass wir noch flei\u00dfig und konzentriert werden trainieren m\u00fcssen, um mit anderen Teams spielerisch mithalten zu k\u00f6nnen und auch mal Erfolgserlebnisse feiern zu k\u00f6nnen.<\/div>\n<div>\u00a0<\/div>\n<div>Die Ergebnisse:<\/div>\n<div>\u00a0<\/div>\n<div>ASV &#8211; TSV Ehningen II\u00a0\u00a0\u00a0 \u00a0\u00a0\u00a0 \u00a0\u00a0\u00a0 \u00a0\u00a0\u00a0 \u00a0\u00a0\u00a0\u00a0\u00a0\u00a0 0 &#8211; 1<\/div>\n<div>ASV &#8211; FC G\u00e4rtringen\u00a0\u00a0\u00a0\u00a0\u00a0\u00a0\u00a0\u00a0\u00a0\u00a0\u00a0\u00a0\u00a0\u00a0\u00a0\u00a0\u00a0\u00a0\u00a0\u00a0\u00a0\u00a0\u00a0\u00a0\u00a0\u00a00 &#8211; 5<\/div>\n<div>ASV &#8211; VfL Herrenberg\u00a0\u00a0\u00a0\u00a0\u00a0\u00a0\u00a0\u00a0\u00a0\u00a0\u00a0\u00a0\u00a0\u00a0\u00a0\u00a0\u00a0\u00a0\u00a0\u00a0\u00a0\u00a0\u00a0\u00a0 0 &#8211; 4<\/div>\n<div>ASV &#8211; Svgg. Hirschl.\/Sch\u00f6ckingen:\u00a0\u00a0\u00a0\u00a0\u00a0 1\u00a0&#8211; 2<\/div>\n<div>\u00a0<\/div>\n<div>F\u00fcr den ASV kickten (Tore):<\/div>\n<div>Tim (TS), Alejandro, Luan (1), Benedikt, Leon (TS), Bartosz<\/div>\n","protected":false},"excerpt":{"rendered":"<p>\u00a0 Nach einigen Wochen Hallentraining kam am Samstag f\u00fcr einige ASV-Spieler der gro\u00dfe Moment: Das erste Hallenturnier beim TSV Ehningen und damit endlich die\u00a0Gelegenheit, die\u00a0im Training erworbenen F\u00e4higkeiten unter Wettkampfbedingungen anzuwenden. Leider konnten nur 4 von urspr\u00fcnglich 9 f\u00fcr die Turnierteilnahme vorgesehenen Kindern, die bisher wenig bis keine Turniererfahrung gesammelt hatten, mit nach Ehningen fahren. &hellip; <a href=\"https:\/\/asv-botnang.de\/fussball\/2014\/01\/26\/u9-hallenturnier-tsv-ehningen\/\" class=\"more-link\"><span class=\"screen-reader-text\">U9-Hallenturnier TSV Ehningen<\/span> weiterlesen <span class=\"meta-nav\">&rarr;<\/span><\/a><\/p>\n","protected":false},"author":9,"featured_media":0,"comment_status":"open","ping_status":"open","sticky":false,"template":"","format":"standard","meta":[],"categories":[1],"tags":[],"_links":{"self":[{"href":"https:\/\/asv-botnang.de\/fussball\/wp-json\/wp\/v2\/posts\/4072"}],"collection":[{"href":"https:\/\/asv-botnang.de\/fussball\/wp-json\/wp\/v2\/posts"}],"about":[{"href":"https:\/\/asv-botnang.de\/fussball\/wp-json\/wp\/v2\/types\/post"}],"author":[{"embeddable":true,"href":"https:\/\/asv-botnang.de\/fussball\/wp-json\/wp\/v2\/users\/9"}],"replies":[{"embeddable":true,"href":"https:\/\/asv-botnang.de\/fussball\/wp-json\/wp\/v2\/comments?post=4072"}],"version-history":[{"count":4,"href":"https:\/\/asv-botnang.de\/fussball\/wp-json\/wp\/v2\/posts\/4072\/revisions"}],"predecessor-version":[{"id":4078,"href":"https:\/\/asv-botnang.de\/fussball\/wp-json\/wp\/v2\/posts\/4072\/revisions\/4078"}],"wp:attachment":[{"href":"https:\/\/asv-botnang.de\/fussball\/wp-json\/wp\/v2\/media?parent=4072"}],"wp:term":[{"taxonomy":"category","embeddable":true,"href":"https:\/\/asv-botnang.de\/fussball\/wp-json\/wp\/v2\/categories?post=4072"},{"taxonomy":"post_tag","embeddable":true,"href":"https:\/\/asv-botnang.de\/fussball\/wp-json\/wp\/v2\/tags?post=4072"}],"curies":[{"name":"wp","href":"https:\/\/api.w.org\/{rel}","templated":true}]}}