{"id":1274,"date":"2017-06-27T15:15:00","date_gmt":"2017-06-27T13:15:00","guid":{"rendered":"http:\/\/asv-botnang.de\/volleyball\/?p=1274"},"modified":"2017-06-27T15:15:42","modified_gmt":"2017-06-27T13:15:42","slug":"keiler-wuehlen-im-sand-statt-im-wald","status":"publish","type":"post","link":"https:\/\/asv-botnang.de\/volleyball\/keiler-wuehlen-im-sand-statt-im-wald\/","title":{"rendered":"Keiler w\u00fchlen im Sand statt im Wald"},"content":{"rendered":"<p>Mit dem Beginn der Sommerpause in der Halle startet f\u00fcr viele Botnanger VolleyballerInnen die Beachvolleyball-Saison. Manche sehen das als eine willkommene Ablenkung, andere als einen weiteren Wettkampf mit dem Ball \u00fcber dem Netz. Eines haben jedoch Botnanger Jungs und M\u00e4dels gemeinsam &#8211; gro\u00dfen Spa\u00df am Beachvolleyball. <!--more--><\/p>\n<p>So wundert es nicht, dass es zum Beispiel Lukas Beckebans und Philipp Ferner sehr oft in den Sand zieht. Diese zwei Jungs (siehe Foto) haben wohl bisher am meisten Sand umgegraben und waren dabei ziemlich erfolgreich. Unter anderem haben sie einen zweiten und einen dritten Platz auf Turnieren der B-Top-Kategorie erreicht. (A=BaW\u00fc-Tour) Des Weiteren war Lukas zweiter auf dem A-Turnier in Konstanz mit Viktor Gerdt (MTV Ludwigsburg) an seiner Seite und hat Erstligaspieler hinter sich gelassen. <figure id=\"attachment_1275\" aria-describedby=\"caption-attachment-1275\" style=\"width: 720px\" class=\"wp-caption alignnone\"><img decoding=\"async\" loading=\"lazy\" src=\"http:\/\/asv-botnang.de\/volleyball\/files\/2017\/06\/B-Top-Lukas_Ferner.jpg\" alt=\"\" width=\"720\" height=\"960\" class=\"size-full wp-image-1275\" \/><figcaption id=\"caption-attachment-1275\" class=\"wp-caption-text\">Lukas und Philipp nach ihrem dritten Platz auf dem hochbesetzten B-Top-Turnier.<\/figcaption><\/figure> <\/p>\n<p>Auch andere Jungs sind auf Turnieren unterwegs. Zum Beispiel Chris Blumhardt und Michi Seeger (3. Platz, B-Turnier in Esslingen), Nils Kaiser (3. Platz, B-Turnier in Mutlangen) und viele viele mehr. Viele sonnige Tage und aktive Werbung f\u00fcr den ASV durch faires Auftreten und gute sportliche Leistungen d\u00fcrfen dabei nicht unerw\u00e4hnt bleiben. Erfreulich ist au\u00dferdem, dass Klaudius Scheufele seinen Wettkampf-Comeback feiern konnte. Auf dem B-Top-Turnier in Ludwigsburg belegte er mit Roman Hoff den 5. Platz. <\/p>\n<p>Unsere M\u00e4dels sind ebenfalls im Sand unterwegs. Zwar reicht es noch nicht f\u00fcr Turniere der h\u00f6chsten Kategorie, dennoch konnten sie sich auf dem C-Turnier in Sindelfingen mit guten Leistungen pr\u00e4sentieren. Des Weiteren wurde fr\u00f6hlich gemixed. Sowohl intern mit Botnanger M\u00e4del und Junge in einem Team oder mit anderen Vereinen. Ein gro\u00dfer Wehrmutstropfen ist dabei eine v\u00f6llig unn\u00f6tige Verletzung von Kathrin Urban (MTV Stuttgart), die sich auf dem Turnier mit ihrem Partner Chris Copf das Kreuzband riss. Wir w\u00fcnschen an der Stelle gute und schnelle Besserung. <\/p>\n<p>Wir bleiben auch den restlichen Sommer am Ball und starten teilweise schon sehr bald in die Vorbereitung auf die neue Saison. Bis dahin schaut einfach auf unserer Facebook-Seite vorbei, um aktuelste Ergebnisse und Ereignisse unserer Keiler zu verfolgen. https:\/\/www.facebook.com\/Volleyball.Stuttgart\/<\/p>\n","protected":false},"excerpt":{"rendered":"<p>Mit dem Beginn der Sommerpause in der Halle startet f\u00fcr viele Botnanger VolleyballerInnen die Beachvolleyball-Saison. Manche sehen das als eine willkommene Ablenkung, andere als einen weiteren Wettkampf mit dem Ball \u00fcber dem Netz. Eines haben jedoch Botnanger Jungs und M\u00e4dels gemeinsam &#8211; gro\u00dfen Spa\u00df am Beachvolleyball.<\/p>\n","protected":false},"author":31,"featured_media":0,"comment_status":"closed","ping_status":"closed","sticky":false,"template":"","format":"standard","meta":[],"categories":[1],"tags":[],"_links":{"self":[{"href":"https:\/\/asv-botnang.de\/volleyball\/wp-json\/wp\/v2\/posts\/1274"}],"collection":[{"href":"https:\/\/asv-botnang.de\/volleyball\/wp-json\/wp\/v2\/posts"}],"about":[{"href":"https:\/\/asv-botnang.de\/volleyball\/wp-json\/wp\/v2\/types\/post"}],"author":[{"embeddable":true,"href":"https:\/\/asv-botnang.de\/volleyball\/wp-json\/wp\/v2\/users\/31"}],"replies":[{"embeddable":true,"href":"https:\/\/asv-botnang.de\/volleyball\/wp-json\/wp\/v2\/comments?post=1274"}],"version-history":[{"count":2,"href":"https:\/\/asv-botnang.de\/volleyball\/wp-json\/wp\/v2\/posts\/1274\/revisions"}],"predecessor-version":[{"id":1277,"href":"https:\/\/asv-botnang.de\/volleyball\/wp-json\/wp\/v2\/posts\/1274\/revisions\/1277"}],"wp:attachment":[{"href":"https:\/\/asv-botnang.de\/volleyball\/wp-json\/wp\/v2\/media?parent=1274"}],"wp:term":[{"taxonomy":"category","embeddable":true,"href":"https:\/\/asv-botnang.de\/volleyball\/wp-json\/wp\/v2\/categories?post=1274"},{"taxonomy":"post_tag","embeddable":true,"href":"https:\/\/asv-botnang.de\/volleyball\/wp-json\/wp\/v2\/tags?post=1274"}],"curies":[{"name":"wp","href":"https:\/\/api.w.org\/{rel}","templated":true}]}}