{"id":1873,"date":"2019-09-19T16:00:38","date_gmt":"2019-09-19T14:00:38","guid":{"rendered":"http:\/\/asv-botnang.de\/volleyball\/?p=1873"},"modified":"2019-09-19T16:00:38","modified_gmt":"2019-09-19T14:00:38","slug":"der-countdown-laeuft","status":"publish","type":"post","link":"https:\/\/asv-botnang.de\/volleyball\/der-countdown-laeuft\/","title":{"rendered":"Der Countdown l\u00e4uft!"},"content":{"rendered":"<p>Am Samstag, den 21. September, ist es wieder so weit. Die ersten Herren der Volleyballabteilung des ASV Botnang starten in die neue Regionalligasaison 19\/20.<!--more--><\/p>\n<p><strong>Kaderplanung<\/strong><\/p>\n<p>Nach einer perfekten Saison ohne Niederlage in der Oberliga war es lange still um die Botnanger Jungs. Man suchte erfolgreich Verst\u00e4rkung auf der einen oder anderen Position und konnte sich \u00fcber namenhafte Zug\u00e4nge freuen. Mit Till Klassen konnte man einen schlagkr\u00e4ftigen Diagonalangreifer und mit JanLukas Schindler (beide MTV Ludwigsburg)\u00a0ein tollen Allrounder auf der Aussenposition gewinnen. Au\u00dferdem wird in der neuen Saison Hannes Els\u00e4\u00dfer als Libero die Annahme verst\u00e4rken. Hannes ist nach Dirk Mehlberg der zweite Erstligaspieler, den der ASV f\u00fcr sich gewinnen konnte. Beide organisierten beim Erstligisten TV Rottenburg gemeinsam die Annahme und bilden nun die neu formierte Annahme-Achse der Botnanger Jungs. Nachdem sich Lennart Pfaller schon letzte Saison bei den 1.Herren etablieren konnte, ist man stolz, dass zwei weitere Spieler aus der eigenen Abteilung den Sprung in die 1. Herren-Mannschaft geschafft haben. Die H\u00fcnen Ferdinand Gerstenberger und Tom K\u00f6necke verst\u00e4rken den Mittelblock.<\/p>\n<p><img decoding=\"async\" loading=\"lazy\" class=\" wp-image-1875 aligncenter\" src=\"http:\/\/asv-botnang.de\/volleyball\/files\/2019\/09\/IMG_20190817_095219-300x196.jpg\" alt=\"\" width=\"615\" height=\"402\" \/><\/p>\n<p><strong>Vorbereitung und Teambuilding<\/strong><\/p>\n<p>Nach der Kaderplanung f\u00fcr das Projekt Regionalliga startete man in die lange Vorbereitung. Konditionstraining, Techniktraining, Spielz\u00fcge und Routinen bestimmten den immer wiederkehrenden Trainingsalltag der Keiler \u00fcber drei Monate hinweg. Doch auch das Kennenlernen durfte nicht zu kurz kommen. Unter der F\u00fchrung des bergerfahrenen Trainers, Daniel Ohr, wurde das Team das ein oder andere Mal auf den Hochgrat im wundersch\u00f6nen Allg\u00e4u gejagt und daraufhin mit gemeinsamen Wellness, Essen und Bier belohnt. Man lernte sich kennen, zuerst spielerisch, nun pers\u00f6nlich. Es formte sich das Team, das die neue Spielsaison bestreiten sollte. Keiler 19\/20. Nun wurde man auch gierig. Sehnlichst w\u00fcnschte man sich, endlich wieder richtige Spiele zu haben. Man wollte wissen wie gut trainiert wurde oder ob man sich behaupten k\u00f6nne.<\/p>\n<p>Beim Internationalen AOK-CUP in Saarbr\u00fccken, mit Dritt- und Zweitligisten sowie ein Team aus der 1.Liga Luxemburg, konnte man sich erstmals mit anderen Teams messen. Gleich am ersten Tag konnten die Keiler alle Teams schlagen und sich f\u00fcr die Finalrunde qualifizieren. In der Runde um Platz 1 schwanden dann die Kr\u00e4fte, man unterlag den h\u00f6herklassigen Teams knapp und konnte sich jedoch mit einem guten dritten Platz zufriedengeben.<\/p>\n<p>Ebenso erfolgreich verlief der finale Test gegen den Nachbarn TSV Georgii-Allianz Stuttgart Volleyball. In allen 4 Testspiels\u00e4tzen konnte man den Drittligisten, trotz verletzungsbedingter Ausf\u00e4lle (Nick Schulz, Christian Copf), souver\u00e4n schlagen.<\/p>\n<figure id=\"attachment_1874\" aria-describedby=\"caption-attachment-1874\" style=\"width: 692px\" class=\"wp-caption aligncenter\"><img decoding=\"async\" loading=\"lazy\" class=\"wp-image-1874\" src=\"http:\/\/asv-botnang.de\/volleyball\/files\/2019\/09\/55788429_10158395897324056_1759131184677257216_o-300x129.jpg\" alt=\"\" width=\"692\" height=\"298\" srcset=\"https:\/\/asv-botnang.de\/volleyball\/files\/2019\/09\/55788429_10158395897324056_1759131184677257216_o-300x129.jpg 300w, https:\/\/asv-botnang.de\/volleyball\/files\/2019\/09\/55788429_10158395897324056_1759131184677257216_o-1024x439.jpg 1024w\" sizes=\"(max-width: 692px) 100vw, 692px\" \/><figcaption id=\"caption-attachment-1874\" class=\"wp-caption-text\">(c) Johannes Giez<\/figcaption><\/figure>\n<p><strong>Saisonauftakt<\/strong><\/p>\n<p>Nun ist es soweit. Aufgeregt und voller Erwartung freut man sich wieder in der Regionalliga zu sein. Und gleich der erste Gegner wird kein leichter. Mit dem USC Freiburg empf\u00e4ngt der ASV Botnang ein in der Regionalliga etabliertes Team, den Vizemeister. Erwartungsgem\u00e4\u00df sind die Einh\u00f6rner aus Freiburg sehr eingespielt und bestechen durch ihre Routine. Sie \u00fcberzeugten in der letzten Regionalligasaison und belegten den zweiten Tabellenplatz lediglich nur 5 Punkte hinter dem Aufsteiger. \u201eWir sind der Underdog, der Neuling der Liga. Wenn jemand was zu verlieren hat, ist es Freiburg. Aber wie nach jedem Satz, jedem Spiel, jeder Saison wird der Z\u00e4hler auf null gesetzt. Am Samstag beginnt die Saison bei null\u201c Beschw\u00f6rt Trainer Daniel Ohr sein Team am Mittwoch im Training. Auch Routinier Dirk Mehlberg hat sich einen Schlachtplan zurechtgelegt: \u201eWir d\u00fcrfen uns nicht unter Druck setzten lassen. Freiburg ist eine gestandene Mannschaft, jedoch ist es unser Heimspiel. Wir werden es genie\u00dfen unser Publikum im R\u00fccken zu haben und daraus Kraft zu sch\u00f6pfen. Wir wissen was wir k\u00f6nnen und ich habe volles Vertrauen in mein Team, dass wir es auch umsetzten k\u00f6nnen\u201c<\/p>\n<p>Mit Dirks Worten laden wir Euch alle zu unserem ersten Spieltag am Samstag den 21.9. ein. Spielbeginn ist um 19:30 Uhr in Ballspielhalle Botnang, Kauffmannstr. 39, 70195 Stuttgart. Der Eintritt ist wie immer frei.<\/p>\n<p>Um Eindr\u00fccke von unserer Vorbereitung zu sammeln oder noch mehr Bilder, Videos oder Ergebnisse zu sehen, folgt uns auf <a href=\"https:\/\/www.facebook.com\/Volleyball.Stuttgart\/\">Facebook<\/a>\u00a0und <a href=\"https:\/\/www.instagram.com\/keilergram\/\">Instagram<\/a>!<\/p>\n<p>Eure Keiler<\/p>\n","protected":false},"excerpt":{"rendered":"<p>Am Samstag, den 21. September, ist es wieder so weit. Die ersten Herren der Volleyballabteilung des ASV Botnang starten in die neue Regionalligasaison 19\/20.<\/p>\n","protected":false},"author":41,"featured_media":0,"comment_status":"closed","ping_status":"closed","sticky":false,"template":"","format":"standard","meta":[],"categories":[13],"tags":[],"_links":{"self":[{"href":"https:\/\/asv-botnang.de\/volleyball\/wp-json\/wp\/v2\/posts\/1873"}],"collection":[{"href":"https:\/\/asv-botnang.de\/volleyball\/wp-json\/wp\/v2\/posts"}],"about":[{"href":"https:\/\/asv-botnang.de\/volleyball\/wp-json\/wp\/v2\/types\/post"}],"author":[{"embeddable":true,"href":"https:\/\/asv-botnang.de\/volleyball\/wp-json\/wp\/v2\/users\/41"}],"replies":[{"embeddable":true,"href":"https:\/\/asv-botnang.de\/volleyball\/wp-json\/wp\/v2\/comments?post=1873"}],"version-history":[{"count":5,"href":"https:\/\/asv-botnang.de\/volleyball\/wp-json\/wp\/v2\/posts\/1873\/revisions"}],"predecessor-version":[{"id":1880,"href":"https:\/\/asv-botnang.de\/volleyball\/wp-json\/wp\/v2\/posts\/1873\/revisions\/1880"}],"wp:attachment":[{"href":"https:\/\/asv-botnang.de\/volleyball\/wp-json\/wp\/v2\/media?parent=1873"}],"wp:term":[{"taxonomy":"category","embeddable":true,"href":"https:\/\/asv-botnang.de\/volleyball\/wp-json\/wp\/v2\/categories?post=1873"},{"taxonomy":"post_tag","embeddable":true,"href":"https:\/\/asv-botnang.de\/volleyball\/wp-json\/wp\/v2\/tags?post=1873"}],"curies":[{"name":"wp","href":"https:\/\/api.w.org\/{rel}","templated":true}]}}