{"id":237,"date":"2012-07-03T12:12:18","date_gmt":"2012-07-03T10:12:18","guid":{"rendered":"http:\/\/asv-botnang.de\/volleyball\/?p=237"},"modified":"2012-10-21T16:15:23","modified_gmt":"2012-10-21T14:15:23","slug":"asv-herren-2-in-der-landesliga","status":"publish","type":"post","link":"https:\/\/asv-botnang.de\/volleyball\/asv-herren-2-in-der-landesliga\/","title":{"rendered":"ASV Herren 2 in der Landesliga"},"content":{"rendered":"<p>H\u00f6chste Zeit f\u00fcr ein paar News vom Aufsteiger.<br \/>\nZur Erinnerung und zum nochmal geniessen &#8211; die abgelaufene Saison war fantastisch! Eine tolle\u00a0Mannschaft: in der Halle hart gearbeitet und den Erfolg verdient. Und dann nicht zu vergessen die Performance in diversen Bars!!!\u00a0Vor allem aber war es \u00fcber die ganze Saison eine super Leistung, durch die Rottenburger Konkurrenz spannend bis zuletzt.\u00a0Daher die Sommerpause auch absolut verdient, nat\u00fcrlich sieht man sich zum Gro\u00dfteil regelm\u00e4ssig am ASV-Strand.<\/p>\n<p><!--more--><\/p>\n<p>Ein paar \u00c4nderungen wird es nat\u00fcrlich wie immer geben:\u00a0Johannes Wenzelburger hat sich mit seiner ber\u00fcchtigten &#8218;heut nur einzwei Bierchen&#8216;-Technik so hervorgetan, dass er kommende Saison f\u00fcr unsere Herren1 startet. Als Diagonaler ist er auch nicht schlecht.<br \/>\nFrieder will auf Weltreise gehen (vielleicht ist er aber doch nicht so viel weg). Leo geht wohl ziemlich sicher nach Neuseeland. Daniel muss mehr arbeiten. Alex wei\u00df nix genaues (wie immer halt).<br \/>\nDaf\u00fcr haben wir mit Bernd auf Zuspiel wieder mal einen gro\u00dfen Fang gemacht! (sorry Herren1) Zum Gl\u00fcck hatten wir so einen gro\u00dfen Kader und k\u00f6nnten so bereits in die neue Saison starten, ideal jedoch w\u00e4re nat\u00fcrlich Verst\u00e4rkung. Die Mitte ist gut besetzt, auf allen anderen Positionen sind neue Spieler willkommen.<br \/>\nTrainingsstart in der Halle ist am 31. Juli um 20 Uhr.<br \/>\nTraining ist dienstags und mittwochs 20 bis 22 Uhr in der BSH in Botnang (direkt an der Endhaltestelle). Inwieweit wir den Trainingstermin am Freitag nutzen m\u00fcssen wir noch sehen.<br \/>\nJetzt im Juli geht&#8217;s einmal die Woche mit der Mannschaft beachen, laufen, bei schlechtem Wetter in die Halle oder was trinken.<br \/>\nUnd der n\u00e4chste Pflichttermin ist nat\u00fcrlich das gro\u00dfe Saisonangrillen am letzten Samstag im Juli beim Trainer!!<br \/>\nAugust und September l\u00e4uft die Vorbereitung, am 22.9. sind wir auf dem Turnier in Fellbach und am 6. Oktober holen wir zuhause unsere ersten Punkte gegen Ellwangen und unsere Herren1!<\/p>\n","protected":false},"excerpt":{"rendered":"<p>H\u00f6chste Zeit f\u00fcr ein paar News vom Aufsteiger. Zur Erinnerung und zum nochmal geniessen &#8211; die abgelaufene Saison war fantastisch! Eine tolle\u00a0Mannschaft: in der Halle hart gearbeitet und den Erfolg verdient. Und dann nicht zu vergessen die Performance in diversen Bars!!!\u00a0Vor allem aber war es \u00fcber die ganze Saison eine super Leistung, durch die Rottenburger &hellip; <a href=\"https:\/\/asv-botnang.de\/volleyball\/asv-herren-2-in-der-landesliga\/\" class=\"more-link\"><span class=\"screen-reader-text\">ASV Herren 2 in der Landesliga<\/span> weiterlesen <span class=\"meta-nav\">&rarr;<\/span><\/a><\/p>\n","protected":false},"author":21,"featured_media":0,"comment_status":"open","ping_status":"open","sticky":false,"template":"","format":"standard","meta":[],"categories":[1,7],"tags":[10,9],"_links":{"self":[{"href":"https:\/\/asv-botnang.de\/volleyball\/wp-json\/wp\/v2\/posts\/237"}],"collection":[{"href":"https:\/\/asv-botnang.de\/volleyball\/wp-json\/wp\/v2\/posts"}],"about":[{"href":"https:\/\/asv-botnang.de\/volleyball\/wp-json\/wp\/v2\/types\/post"}],"author":[{"embeddable":true,"href":"https:\/\/asv-botnang.de\/volleyball\/wp-json\/wp\/v2\/users\/21"}],"replies":[{"embeddable":true,"href":"https:\/\/asv-botnang.de\/volleyball\/wp-json\/wp\/v2\/comments?post=237"}],"version-history":[{"count":3,"href":"https:\/\/asv-botnang.de\/volleyball\/wp-json\/wp\/v2\/posts\/237\/revisions"}],"predecessor-version":[{"id":312,"href":"https:\/\/asv-botnang.de\/volleyball\/wp-json\/wp\/v2\/posts\/237\/revisions\/312"}],"wp:attachment":[{"href":"https:\/\/asv-botnang.de\/volleyball\/wp-json\/wp\/v2\/media?parent=237"}],"wp:term":[{"taxonomy":"category","embeddable":true,"href":"https:\/\/asv-botnang.de\/volleyball\/wp-json\/wp\/v2\/categories?post=237"},{"taxonomy":"post_tag","embeddable":true,"href":"https:\/\/asv-botnang.de\/volleyball\/wp-json\/wp\/v2\/tags?post=237"}],"curies":[{"name":"wp","href":"https:\/\/api.w.org\/{rel}","templated":true}]}}