{"id":2822,"date":"2022-09-19T21:01:02","date_gmt":"2022-09-19T19:01:02","guid":{"rendered":"http:\/\/asv-botnang.de\/volleyball\/?p=2822"},"modified":"2022-09-19T21:01:02","modified_gmt":"2022-09-19T19:01:02","slug":"damen-2-voller-vorfreude-in-der-neuen-spielklasse","status":"publish","type":"post","link":"https:\/\/asv-botnang.de\/volleyball\/damen-2-voller-vorfreude-in-der-neuen-spielklasse\/","title":{"rendered":"Damen 2 voller Vorfreude in der neuen Spielklasse"},"content":{"rendered":"<p>Bye bye A-Klasse: Nach einer unruhigen Saison muss sich die zweite Damenmannschaft leider aus der A-Klasse verabschieden. Obwohl das Team nach zwei abgebrochenen Corona-Saisons motiviert und voller Vorfreude gestartet war, konnte das Ziel \u201cKlassenerhalt\u201d nicht erreicht werden. <!--more--><\/p>\n<p>Die Gr\u00fcnde f\u00fcr den Abstieg wurden in der Saisonpause bereits intensiv analysiert. Jetzt konzentrieren sich die Damen 2 lieber auf das Positive der vergangenen Saison. So haben die Spielerinnen viel \u00fcber ihre St\u00e4rken und Schw\u00e4chen gelernt und k\u00f6nnen in der Vorbereitung auf die kommende Saison gezielt daran arbeiten. Zudem sind sie als Mannschaft noch einmal mehr zusammengewachsen und trotz einiger Niederlagen kam der Spa\u00df am Teamsport \u2013 ob auf oder abseits des Feldes \u2013 nie zu kurz. Mit Quentin \u201cQ\u201d Moore konnte dann mitten in der Saison noch ein toller Trainer gewonnen werden, der jedes Training und jeden Spieltag mit einer ordentlichen Portion Energie und Ehrgeiz anging.<\/p>\n<p>Nachdem Q nach der Saison wieder zur\u00fcck in die USA flog und \u00fcber l\u00e4ngere Zeit nicht klar war, ob er als H1-Spieler und D2-Trainer zur\u00fcckkehren wird, freut sich die Mannschaft nun umso mehr, dass er auch die n\u00e4chste Saison mit ihnen bestreiten wird. An dieser Stelle ein herzliches Danke an Phil Kondic und Lukas Beckebans, die in seiner Abwesenheit als Ersatztrainer eingesprungen sind.<\/p>\n<p>Schweren Herzens musste sich die Mannschaft dann noch von vier Spielerinnen verabschieden: Lisa Gerster, Lena Endenthum, Charlotte (Chacha) Schaefer und Tanja Marynowski werden aus beruflichen bzw. studiumsbedingten Gr\u00fcnden n\u00e4chste Saison nicht mehr bei D2 spielen. Daf\u00fcr bekommt das Team Verst\u00e4rkung von nicht allzu neuen Gesichtern. Denn die ehemaligen D2-Spielerinnen Amira Orabi, Laura Betsch und Mona M\u00fchlich haben nach einem Ausflug in die dritte Damenmannschaft ihren Weg zur\u00fcck gefunden. Au\u00dferdem wird auch Fabienne Fandrich aus D4 das Team unterst\u00fctzen.  <\/p>\n<p>Mit frischem Wind und neu gewonnener Energie steht das Ziel f\u00fcr die n\u00e4chste Saison fest: Zur\u00fcck in die A-Klasse! <\/p>\n","protected":false},"excerpt":{"rendered":"<p>Bye bye A-Klasse: Nach einer unruhigen Saison muss sich die zweite Damenmannschaft leider aus der A-Klasse verabschieden. Obwohl das Team nach zwei abgebrochenen Corona-Saisons motiviert und voller Vorfreude gestartet war, konnte das Ziel \u201cKlassenerhalt\u201d nicht erreicht werden.<\/p>\n","protected":false},"author":31,"featured_media":0,"comment_status":"closed","ping_status":"closed","sticky":false,"template":"","format":"standard","meta":[],"categories":[19],"tags":[],"_links":{"self":[{"href":"https:\/\/asv-botnang.de\/volleyball\/wp-json\/wp\/v2\/posts\/2822"}],"collection":[{"href":"https:\/\/asv-botnang.de\/volleyball\/wp-json\/wp\/v2\/posts"}],"about":[{"href":"https:\/\/asv-botnang.de\/volleyball\/wp-json\/wp\/v2\/types\/post"}],"author":[{"embeddable":true,"href":"https:\/\/asv-botnang.de\/volleyball\/wp-json\/wp\/v2\/users\/31"}],"replies":[{"embeddable":true,"href":"https:\/\/asv-botnang.de\/volleyball\/wp-json\/wp\/v2\/comments?post=2822"}],"version-history":[{"count":1,"href":"https:\/\/asv-botnang.de\/volleyball\/wp-json\/wp\/v2\/posts\/2822\/revisions"}],"predecessor-version":[{"id":2823,"href":"https:\/\/asv-botnang.de\/volleyball\/wp-json\/wp\/v2\/posts\/2822\/revisions\/2823"}],"wp:attachment":[{"href":"https:\/\/asv-botnang.de\/volleyball\/wp-json\/wp\/v2\/media?parent=2822"}],"wp:term":[{"taxonomy":"category","embeddable":true,"href":"https:\/\/asv-botnang.de\/volleyball\/wp-json\/wp\/v2\/categories?post=2822"},{"taxonomy":"post_tag","embeddable":true,"href":"https:\/\/asv-botnang.de\/volleyball\/wp-json\/wp\/v2\/tags?post=2822"}],"curies":[{"name":"wp","href":"https:\/\/api.w.org\/{rel}","templated":true}]}}