{"id":2824,"date":"2022-09-19T21:01:44","date_gmt":"2022-09-19T19:01:44","guid":{"rendered":"http:\/\/asv-botnang.de\/volleyball\/?p=2824"},"modified":"2022-10-11T19:02:30","modified_gmt":"2022-10-11T17:02:30","slug":"die-first-ladies-treten-erstmals-in-der-landesliga-nord-an","status":"publish","type":"post","link":"https:\/\/asv-botnang.de\/volleyball\/die-first-ladies-treten-erstmals-in-der-landesliga-nord-an\/","title":{"rendered":"Die First Ladies treten erstmals in der Landesliga Nord an"},"content":{"rendered":"<p>Nachdem es zun\u00e4chst in der Hinrunde so aussah, als ob es keine Chance mehr f\u00fcr einen Aufstieg gibt, haben die M\u00e4dels in der R\u00fcckrunde gezeigt, was in Ihnen steckt und sich den zweiten Platz in der Bezirksliga erk\u00e4mpft.<!--more--> Die R\u00fcckrunde absolvierten die First Ladies sehr erfolgreich ungeschlagen. Da die erstplatzierte Mannschaft auf ihr Aufstiegsrecht verzichtete, sind die First Ladies gl\u00fccklicherweise, nach langem Bangen, direkt in die Landesliga aufgestiegen.  <\/p>\n<p>Die Saison war stark von der Corona-Pandemie gezeichnet und es gab zahlreiche Spielverschiebungen und coronabedingte Ausf\u00e4lle. Nichtsdestotrotz hat die Mannschaft sich vor allem durch ihren Zusammenhalt f\u00fcr den Aufstieg belohnen k\u00f6nnen. Ein gro\u00dfer Dank gilt hier auch dem Trainer-Duo Linus und Q und dem Orga-Team Pia und Glenda.<br \/>\nWie nach jeder Saison gibt es zahlreiche personelle Ver\u00e4nderungen. <\/p>\n<p>Die Mannschaft verzeichnet leider einige personelle Abg\u00e4nge: Kjersti Bartschick, Lisa Canitz, Lea Pfeifer, Katja Hampp und Angelika Graf. Vielen Dank f\u00fcr euren Support in der vergangenen Saison bzw. den vergangenen Jahren. <\/p>\n<p>Es gibt allerdings auch gute Neuigkeiten, Simone Schulz ist zur\u00fcck aus Irland und verst\u00e4rkt die Mannschaft wieder auf der Mitte. Des Weiteren erh\u00e4lt die Mannschaft Zuwachs im Zuspiel durch Madlen Dahlke, auf Diagonal durch Sybille Reetz, im Mittelblock mit Katharina Rieger und auf Au\u00dfen\/Libera durch Melli Erhardt. Sabina Hadzic wird nach ihrem Auslandssemester zur R\u00fcckrunde die Mannschaft wieder verst\u00e4rken. <\/p>\n<p>Ziel f\u00fcr die Saison ist eine solide Leistung in der Landesliga zu zeigen und sich dort zu halten.  Die M\u00e4dels sind auf jeden Fall sehr motiviert und flei\u00dfig am Trainieren. Die Generalprobe f\u00fcr die Saison findet am 24. September auf dem Vorbereitungsturnier in Fellbach statt. Am 25. September ist ein Trainingstag, um das Turnier aufzuarbeiten.<br \/>\nDie First Ladies freuen sich bereits auf die Heimspieltage und ihre Fans in der BSH. Saisonauftakt ist ausw\u00e4rts am 1. Oktober in Stromberg. <\/p>\n","protected":false},"excerpt":{"rendered":"<p>Nachdem es zun\u00e4chst in der Hinrunde so aussah, als ob es keine Chance mehr f\u00fcr einen Aufstieg gibt, haben die M\u00e4dels in der R\u00fcckrunde gezeigt, was in Ihnen steckt und sich den zweiten Platz in der Bezirksliga erk\u00e4mpft.<\/p>\n","protected":false},"author":31,"featured_media":0,"comment_status":"closed","ping_status":"closed","sticky":false,"template":"","format":"standard","meta":[],"categories":[17],"tags":[],"_links":{"self":[{"href":"https:\/\/asv-botnang.de\/volleyball\/wp-json\/wp\/v2\/posts\/2824"}],"collection":[{"href":"https:\/\/asv-botnang.de\/volleyball\/wp-json\/wp\/v2\/posts"}],"about":[{"href":"https:\/\/asv-botnang.de\/volleyball\/wp-json\/wp\/v2\/types\/post"}],"author":[{"embeddable":true,"href":"https:\/\/asv-botnang.de\/volleyball\/wp-json\/wp\/v2\/users\/31"}],"replies":[{"embeddable":true,"href":"https:\/\/asv-botnang.de\/volleyball\/wp-json\/wp\/v2\/comments?post=2824"}],"version-history":[{"count":2,"href":"https:\/\/asv-botnang.de\/volleyball\/wp-json\/wp\/v2\/posts\/2824\/revisions"}],"predecessor-version":[{"id":2882,"href":"https:\/\/asv-botnang.de\/volleyball\/wp-json\/wp\/v2\/posts\/2824\/revisions\/2882"}],"wp:attachment":[{"href":"https:\/\/asv-botnang.de\/volleyball\/wp-json\/wp\/v2\/media?parent=2824"}],"wp:term":[{"taxonomy":"category","embeddable":true,"href":"https:\/\/asv-botnang.de\/volleyball\/wp-json\/wp\/v2\/categories?post=2824"},{"taxonomy":"post_tag","embeddable":true,"href":"https:\/\/asv-botnang.de\/volleyball\/wp-json\/wp\/v2\/tags?post=2824"}],"curies":[{"name":"wp","href":"https:\/\/api.w.org\/{rel}","templated":true}]}}