{"id":481,"date":"2013-08-01T16:02:13","date_gmt":"2013-08-01T14:02:13","guid":{"rendered":"http:\/\/asv-botnang.de\/volleyball\/?p=481"},"modified":"2013-08-01T16:06:06","modified_gmt":"2013-08-01T14:06:06","slug":"erste-trainingseinheit-am-grill","status":"publish","type":"post","link":"https:\/\/asv-botnang.de\/volleyball\/erste-trainingseinheit-am-grill\/","title":{"rendered":"Erste Trainingseinheit am Grill"},"content":{"rendered":"<p>Erholt und hochmotiviert kehrte die zweite Mannschaft des ASV aus der Sommerpause zur\u00fcck, um bei einem ersten geselligen Beisammensein den Grundstein f\u00fcr eine erfolgreiche Volleyballsaison in der Landesliga zu legen. In gro\u00dfer Runde traf man sich zu Bier und Gegrilltem auf Dirks Balkon, um eine erste Besprechung vorzunehmen.<\/p>\n<p><!--more--><\/p>\n<p><img decoding=\"async\" loading=\"lazy\" src=\"http:\/\/asv-botnang.de\/volleyball\/files\/2013\/08\/Saisonangrillen_klein.jpeg\" alt=\"\" title=\"Saisonangrillen_klein\" width=\"690\" height=\"445\" class=\"alignnone size-full wp-image-487\" srcset=\"https:\/\/asv-botnang.de\/volleyball\/files\/2013\/08\/Saisonangrillen_klein.jpeg 690w, https:\/\/asv-botnang.de\/volleyball\/files\/2013\/08\/Saisonangrillen_klein-300x193.jpg 300w\" sizes=\"(max-width: 690px) 100vw, 690px\" \/><\/p>\n<p>Auf eine kurze Ansprache des Kapit\u00e4ns meldete sich auch der Coach zu Wort, der mit Saisonziel \u201enichts mit dem Abstieg zu tun haben\u201c eine klare Ansage machte und zudem den Konkurrenzkampf auf die begehrten 14 Pl\u00e4tze im Team er\u00f6ffnete. Bei dieser Ausgangslage d\u00fcrfte alles andere als eine rege Trainingsbeteiligung f\u00fcr die Saisonvorbereitung eine \u00dcberaschung sein. Neben einem geplanten Vorbereitungsturnier und einem Trainingswochenende, wird ab jetzt zweimal die Woche in der Halle geschwitzt.<\/p>\n","protected":false},"excerpt":{"rendered":"<p>Erholt und hochmotiviert kehrte die zweite Mannschaft des ASV aus der Sommerpause zur\u00fcck, um bei einem ersten geselligen Beisammensein den Grundstein f\u00fcr eine erfolgreiche Volleyballsaison in der Landesliga zu legen. In gro\u00dfer Runde traf man sich zu Bier und Gegrilltem auf Dirks Balkon, um eine erste Besprechung vorzunehmen.<\/p>\n","protected":false},"author":21,"featured_media":0,"comment_status":"open","ping_status":"open","sticky":false,"template":"","format":"standard","meta":[],"categories":[1,7],"tags":[10,9],"_links":{"self":[{"href":"https:\/\/asv-botnang.de\/volleyball\/wp-json\/wp\/v2\/posts\/481"}],"collection":[{"href":"https:\/\/asv-botnang.de\/volleyball\/wp-json\/wp\/v2\/posts"}],"about":[{"href":"https:\/\/asv-botnang.de\/volleyball\/wp-json\/wp\/v2\/types\/post"}],"author":[{"embeddable":true,"href":"https:\/\/asv-botnang.de\/volleyball\/wp-json\/wp\/v2\/users\/21"}],"replies":[{"embeddable":true,"href":"https:\/\/asv-botnang.de\/volleyball\/wp-json\/wp\/v2\/comments?post=481"}],"version-history":[{"count":5,"href":"https:\/\/asv-botnang.de\/volleyball\/wp-json\/wp\/v2\/posts\/481\/revisions"}],"predecessor-version":[{"id":488,"href":"https:\/\/asv-botnang.de\/volleyball\/wp-json\/wp\/v2\/posts\/481\/revisions\/488"}],"wp:attachment":[{"href":"https:\/\/asv-botnang.de\/volleyball\/wp-json\/wp\/v2\/media?parent=481"}],"wp:term":[{"taxonomy":"category","embeddable":true,"href":"https:\/\/asv-botnang.de\/volleyball\/wp-json\/wp\/v2\/categories?post=481"},{"taxonomy":"post_tag","embeddable":true,"href":"https:\/\/asv-botnang.de\/volleyball\/wp-json\/wp\/v2\/tags?post=481"}],"curies":[{"name":"wp","href":"https:\/\/api.w.org\/{rel}","templated":true}]}}