{"id":775,"date":"2015-06-13T11:37:16","date_gmt":"2015-06-13T09:37:16","guid":{"rendered":"http:\/\/asv-botnang.de\/volleyball\/?p=775"},"modified":"2015-06-13T11:38:20","modified_gmt":"2015-06-13T09:38:20","slug":"botnanger-jungs-im-urlaub","status":"publish","type":"post","link":"https:\/\/asv-botnang.de\/volleyball\/botnanger-jungs-im-urlaub\/","title":{"rendered":"Botnanger Jungs im Urlaub"},"content":{"rendered":"<p>Die Saison ist f\u00fcr alle aktiven Mannschaften vorbei und die Botnanger Jungs genie\u00dfen derzeit ihren sportlichen Urlaub. Wo und wie der ASV sich erholt und Kr\u00e4fte f\u00fcr die neue Spielzeit tankt, wollen wir aber mit Euch teilen. Daher findet ihr \u00fcber den Sommer auf unserer Facebook-Seite immer wieder ein paar Fotos, wo auf der ganzen Welt die Botnanger Volleyballer ihren Urlaub verbringen.<br \/>\nSchaut also auch w\u00e4hrend der Saisonpause immer wieder bei uns vorbei:<br \/>\n<a href=\"https:\/\/www.facebook.com\/Volleyball.Stuttgart\">https:\/\/www.facebook.com\/Volleyball.Stuttgart<\/a><\/p>\n","protected":false},"excerpt":{"rendered":"<p>Die Saison ist f\u00fcr alle aktiven Mannschaften vorbei und die Botnanger Jungs genie\u00dfen derzeit ihren sportlichen Urlaub. Wo und wie der ASV sich erholt und Kr\u00e4fte f\u00fcr die neue Spielzeit tankt, wollen wir aber mit Euch teilen. Daher findet ihr \u00fcber den Sommer auf unserer Facebook-Seite immer wieder ein paar Fotos, wo auf der ganzen &hellip; <a href=\"https:\/\/asv-botnang.de\/volleyball\/botnanger-jungs-im-urlaub\/\" class=\"more-link\"><span class=\"screen-reader-text\">Botnanger Jungs im Urlaub<\/span> weiterlesen <span class=\"meta-nav\">&rarr;<\/span><\/a><\/p>\n","protected":false},"author":21,"featured_media":0,"comment_status":"open","ping_status":"open","sticky":false,"template":"","format":"standard","meta":[],"categories":[1],"tags":[10,9],"_links":{"self":[{"href":"https:\/\/asv-botnang.de\/volleyball\/wp-json\/wp\/v2\/posts\/775"}],"collection":[{"href":"https:\/\/asv-botnang.de\/volleyball\/wp-json\/wp\/v2\/posts"}],"about":[{"href":"https:\/\/asv-botnang.de\/volleyball\/wp-json\/wp\/v2\/types\/post"}],"author":[{"embeddable":true,"href":"https:\/\/asv-botnang.de\/volleyball\/wp-json\/wp\/v2\/users\/21"}],"replies":[{"embeddable":true,"href":"https:\/\/asv-botnang.de\/volleyball\/wp-json\/wp\/v2\/comments?post=775"}],"version-history":[{"count":3,"href":"https:\/\/asv-botnang.de\/volleyball\/wp-json\/wp\/v2\/posts\/775\/revisions"}],"predecessor-version":[{"id":778,"href":"https:\/\/asv-botnang.de\/volleyball\/wp-json\/wp\/v2\/posts\/775\/revisions\/778"}],"wp:attachment":[{"href":"https:\/\/asv-botnang.de\/volleyball\/wp-json\/wp\/v2\/media?parent=775"}],"wp:term":[{"taxonomy":"category","embeddable":true,"href":"https:\/\/asv-botnang.de\/volleyball\/wp-json\/wp\/v2\/categories?post=775"},{"taxonomy":"post_tag","embeddable":true,"href":"https:\/\/asv-botnang.de\/volleyball\/wp-json\/wp\/v2\/tags?post=775"}],"curies":[{"name":"wp","href":"https:\/\/api.w.org\/{rel}","templated":true}]}}